{"id":1928,"date":"2019-05-23T13:56:20","date_gmt":"2019-05-23T16:56:20","guid":{"rendered":"http:\/\/www.livta.com.br\/clinica\/?p=1928"},"modified":"2019-05-23T13:56:20","modified_gmt":"2019-05-23T16:56:20","slug":"problemas-nos-pes-podem-causar-desalinhamento-na-coluna","status":"publish","type":"post","link":"https:\/\/livta.com.br\/clinica\/problemas-nos-pes-podem-causar-desalinhamento-na-coluna\/","title":{"rendered":"Problemas nos p\u00e9s podem causar desalinhamento na coluna"},"content":{"rendered":"<p>Aquela dor na coluna no final do dia depois de uma longa caminhada pode ter origem em um dos membros mais importantes para a sustenta\u00e7\u00e3o do corpo. O p\u00e9 \u00e9 respons\u00e1vel por manter o nosso equil\u00edbrio e, quando \u00e9 v\u00edtima de algum problema, pode se transformar em uma \u201cavalanche\u201d de outros, atingindo a coluna vertebral e todo organismo.<\/p>\n<p>Entre os problemas, a fascite plantar, inflama\u00e7\u00e3o do tecido da sola do p\u00e9 e que pode culminar na regi\u00e3o do calcanhar. O estresse repetitivo, atrav\u00e9s da pisada, ocasiona diversas fissuras na regi\u00e3o e a dor \u00e9 o principal sintoma.<\/p>\n<p>O p\u00e9 plano tamb\u00e9m est\u00e1 associado \u00e0 dor nas costas. A altera\u00e7\u00e3o no arco plantar, que deixa o p\u00e9 mais raso, ocasiona leve curvatura no tornozelo para dentro e uma dist\u00e2ncia aumentada entre os ossos dos calcanhares, os chamados calc\u00e2neos.<\/p>\n","protected":false},"excerpt":{"rendered":"<p>Aquela dor na coluna no final do dia depois de uma longa caminhada pode ter origem em um dos membros mais importantes [&hellip;]<\/p>\n","protected":false},"author":1,"featured_media":1929,"comment_status":"open","ping_status":"open","sticky":false,"template":"","format":"standard","meta":{"footnotes":""},"categories":[1],"tags":[],"class_list":["post-1928","post","type-post","status-publish","format-standard","has-post-thumbnail","hentry","category-blog"],"yoast_head":"<!-- This site is optimized with the Yoast SEO plugin v27.2 - https:\/\/yoast.com\/product\/yoast-seo-wordpress\/ -->\n<title>Problemas nos p\u00e9s podem causar desalinhamento na coluna - Livta<\/title>\n<meta name=\"robots\" content=\"index, follow, max-snippet:-1, max-image-preview:large, max-video-preview:-1\" \/>\n<link rel=\"canonical\" href=\"https:\/\/livta.com.br\/clinica\/problemas-nos-pes-podem-causar-desalinhamento-na-coluna\/\" \/>\n<meta property=\"og:locale\" content=\"pt_BR\" \/>\n<meta property=\"og:type\" content=\"article\" \/>\n<meta property=\"og:title\" content=\"Problemas nos p\u00e9s podem causar desalinhamento na coluna - Livta\" \/>\n<meta property=\"og:description\" content=\"Aquela dor na coluna no final do dia depois de uma longa caminhada pode ter origem em um dos membros mais importantes [&hellip;]\" \/>\n<meta property=\"og:url\" content=\"https:\/\/livta.com.br\/clinica\/problemas-nos-pes-podem-causar-desalinhamento-na-coluna\/\" \/>\n<meta property=\"og:site_name\" content=\"Livta\" \/>\n<meta property=\"article:published_time\" content=\"2019-05-23T16:56:20+00:00\" \/>\n<meta property=\"og:image\" content=\"https:\/\/livta.com.br\/clinica\/wp-content\/uploads\/2019\/05\/problemasnospes.jpg\" \/>\n\t<meta property=\"og:image:width\" content=\"620\" \/>\n\t<meta property=\"og:image:height\" content=\"413\" \/>\n\t<meta property=\"og:image:type\" content=\"image\/jpeg\" \/>\n<meta name=\"author\" content=\"ti_livta\" \/>\n<meta name=\"twitter:card\" content=\"summary_large_image\" \/>\n<meta name=\"twitter:label1\" content=\"Escrito por\" \/>\n\t<meta name=\"twitter:data1\" content=\"ti_livta\" \/>\n\t<meta name=\"twitter:label2\" content=\"Est. tempo de leitura\" \/>\n\t<meta name=\"twitter:data2\" content=\"1 minuto\" \/>\n<script type=\"application\/ld+json\" class=\"yoast-schema-graph\">{\"@context\":\"https:\/\/schema.org\",\"@graph\":[{\"@type\":\"Article\",\"@id\":\"https:\/\/livta.com.br\/clinica\/problemas-nos-pes-podem-causar-desalinhamento-na-coluna\/#article\",\"isPartOf\":{\"@id\":\"https:\/\/livta.com.br\/clinica\/problemas-nos-pes-podem-causar-desalinhamento-na-coluna\/\"},\"author\":{\"name\":\"ti_livta\",\"@id\":\"https:\/\/livta.com.br\/clinica\/#\/schema\/person\/24e2243327fa91ffe7a348a65bd74c66\"},\"headline\":\"Problemas nos p\u00e9s podem causar desalinhamento na coluna\",\"datePublished\":\"2019-05-23T16:56:20+00:00\",\"mainEntityOfPage\":{\"@id\":\"https:\/\/livta.com.br\/clinica\/problemas-nos-pes-podem-causar-desalinhamento-na-coluna\/\"},\"wordCount\":154,\"commentCount\":0,\"image\":{\"@id\":\"https:\/\/livta.com.br\/clinica\/problemas-nos-pes-podem-causar-desalinhamento-na-coluna\/#primaryimage\"},\"thumbnailUrl\":\"https:\/\/livta.com.br\/clinica\/wp-content\/uploads\/2019\/05\/problemasnospes.jpg\",\"articleSection\":[\"Blog\"],\"inLanguage\":\"pt-BR\",\"potentialAction\":[{\"@type\":\"CommentAction\",\"name\":\"Comment\",\"target\":[\"https:\/\/livta.com.br\/clinica\/problemas-nos-pes-podem-causar-desalinhamento-na-coluna\/#respond\"]}]},{\"@type\":\"WebPage\",\"@id\":\"https:\/\/livta.com.br\/clinica\/problemas-nos-pes-podem-causar-desalinhamento-na-coluna\/\",\"url\":\"https:\/\/livta.com.br\/clinica\/problemas-nos-pes-podem-causar-desalinhamento-na-coluna\/\",\"name\":\"Problemas nos p\u00e9s podem causar desalinhamento na coluna - Livta\",\"isPartOf\":{\"@id\":\"https:\/\/livta.com.br\/clinica\/#website\"},\"primaryImageOfPage\":{\"@id\":\"https:\/\/livta.com.br\/clinica\/problemas-nos-pes-podem-causar-desalinhamento-na-coluna\/#primaryimage\"},\"image\":{\"@id\":\"https:\/\/livta.com.br\/clinica\/problemas-nos-pes-podem-causar-desalinhamento-na-coluna\/#primaryimage\"},\"thumbnailUrl\":\"https:\/\/livta.com.br\/clinica\/wp-content\/uploads\/2019\/05\/problemasnospes.jpg\",\"datePublished\":\"2019-05-23T16:56:20+00:00\",\"author\":{\"@id\":\"https:\/\/livta.com.br\/clinica\/#\/schema\/person\/24e2243327fa91ffe7a348a65bd74c66\"},\"breadcrumb\":{\"@id\":\"https:\/\/livta.com.br\/clinica\/problemas-nos-pes-podem-causar-desalinhamento-na-coluna\/#breadcrumb\"},\"inLanguage\":\"pt-BR\",\"potentialAction\":[{\"@type\":\"ReadAction\",\"target\":[\"https:\/\/livta.com.br\/clinica\/problemas-nos-pes-podem-causar-desalinhamento-na-coluna\/\"]}]},{\"@type\":\"ImageObject\",\"inLanguage\":\"pt-BR\",\"@id\":\"https:\/\/livta.com.br\/clinica\/problemas-nos-pes-podem-causar-desalinhamento-na-coluna\/#primaryimage\",\"url\":\"https:\/\/livta.com.br\/clinica\/wp-content\/uploads\/2019\/05\/problemasnospes.jpg\",\"contentUrl\":\"https:\/\/livta.com.br\/clinica\/wp-content\/uploads\/2019\/05\/problemasnospes.jpg\",\"width\":620,\"height\":413},{\"@type\":\"BreadcrumbList\",\"@id\":\"https:\/\/livta.com.br\/clinica\/problemas-nos-pes-podem-causar-desalinhamento-na-coluna\/#breadcrumb\",\"itemListElement\":[{\"@type\":\"ListItem\",\"position\":1,\"name\":\"Home\",\"item\":\"https:\/\/livta.com.br\/clinica\/\"},{\"@type\":\"ListItem\",\"position\":2,\"name\":\"Problemas nos p\u00e9s podem causar desalinhamento na coluna\"}]},{\"@type\":\"WebSite\",\"@id\":\"https:\/\/livta.com.br\/clinica\/#website\",\"url\":\"https:\/\/livta.com.br\/clinica\/\",\"name\":\"Livta\",\"description\":\"\",\"potentialAction\":[{\"@type\":\"SearchAction\",\"target\":{\"@type\":\"EntryPoint\",\"urlTemplate\":\"https:\/\/livta.com.br\/clinica\/?s={search_term_string}\"},\"query-input\":{\"@type\":\"PropertyValueSpecification\",\"valueRequired\":true,\"valueName\":\"search_term_string\"}}],\"inLanguage\":\"pt-BR\"},{\"@type\":\"Person\",\"@id\":\"https:\/\/livta.com.br\/clinica\/#\/schema\/person\/24e2243327fa91ffe7a348a65bd74c66\",\"name\":\"ti_livta\",\"image\":{\"@type\":\"ImageObject\",\"inLanguage\":\"pt-BR\",\"@id\":\"https:\/\/secure.gravatar.com\/avatar\/4c30e6869082c4ee8d5aa939048ab0531b76d2a3ba6350ad2b4578147fc5e099?s=96&d=mm&r=g\",\"url\":\"https:\/\/secure.gravatar.com\/avatar\/4c30e6869082c4ee8d5aa939048ab0531b76d2a3ba6350ad2b4578147fc5e099?s=96&d=mm&r=g\",\"contentUrl\":\"https:\/\/secure.gravatar.com\/avatar\/4c30e6869082c4ee8d5aa939048ab0531b76d2a3ba6350ad2b4578147fc5e099?s=96&d=mm&r=g\",\"caption\":\"ti_livta\"},\"url\":\"https:\/\/livta.com.br\/clinica\/author\/ti_livta\/\"}]}<\/script>\n<!-- \/ Yoast SEO plugin. -->","yoast_head_json":{"title":"Problemas nos p\u00e9s podem causar desalinhamento na coluna - Livta","robots":{"index":"index","follow":"follow","max-snippet":"max-snippet:-1","max-image-preview":"max-image-preview:large","max-video-preview":"max-video-preview:-1"},"canonical":"https:\/\/livta.com.br\/clinica\/problemas-nos-pes-podem-causar-desalinhamento-na-coluna\/","og_locale":"pt_BR","og_type":"article","og_title":"Problemas nos p\u00e9s podem causar desalinhamento na coluna - Livta","og_description":"Aquela dor na coluna no final do dia depois de uma longa caminhada pode ter origem em um dos membros mais importantes [&hellip;]","og_url":"https:\/\/livta.com.br\/clinica\/problemas-nos-pes-podem-causar-desalinhamento-na-coluna\/","og_site_name":"Livta","article_published_time":"2019-05-23T16:56:20+00:00","og_image":[{"width":620,"height":413,"url":"https:\/\/livta.com.br\/clinica\/wp-content\/uploads\/2019\/05\/problemasnospes.jpg","type":"image\/jpeg"}],"author":"ti_livta","twitter_card":"summary_large_image","twitter_misc":{"Escrito por":"ti_livta","Est. tempo de leitura":"1 minuto"},"schema":{"@context":"https:\/\/schema.org","@graph":[{"@type":"Article","@id":"https:\/\/livta.com.br\/clinica\/problemas-nos-pes-podem-causar-desalinhamento-na-coluna\/#article","isPartOf":{"@id":"https:\/\/livta.com.br\/clinica\/problemas-nos-pes-podem-causar-desalinhamento-na-coluna\/"},"author":{"name":"ti_livta","@id":"https:\/\/livta.com.br\/clinica\/#\/schema\/person\/24e2243327fa91ffe7a348a65bd74c66"},"headline":"Problemas nos p\u00e9s podem causar desalinhamento na coluna","datePublished":"2019-05-23T16:56:20+00:00","mainEntityOfPage":{"@id":"https:\/\/livta.com.br\/clinica\/problemas-nos-pes-podem-causar-desalinhamento-na-coluna\/"},"wordCount":154,"commentCount":0,"image":{"@id":"https:\/\/livta.com.br\/clinica\/problemas-nos-pes-podem-causar-desalinhamento-na-coluna\/#primaryimage"},"thumbnailUrl":"https:\/\/livta.com.br\/clinica\/wp-content\/uploads\/2019\/05\/problemasnospes.jpg","articleSection":["Blog"],"inLanguage":"pt-BR","potentialAction":[{"@type":"CommentAction","name":"Comment","target":["https:\/\/livta.com.br\/clinica\/problemas-nos-pes-podem-causar-desalinhamento-na-coluna\/#respond"]}]},{"@type":"WebPage","@id":"https:\/\/livta.com.br\/clinica\/problemas-nos-pes-podem-causar-desalinhamento-na-coluna\/","url":"https:\/\/livta.com.br\/clinica\/problemas-nos-pes-podem-causar-desalinhamento-na-coluna\/","name":"Problemas nos p\u00e9s podem causar desalinhamento na coluna - Livta","isPartOf":{"@id":"https:\/\/livta.com.br\/clinica\/#website"},"primaryImageOfPage":{"@id":"https:\/\/livta.com.br\/clinica\/problemas-nos-pes-podem-causar-desalinhamento-na-coluna\/#primaryimage"},"image":{"@id":"https:\/\/livta.com.br\/clinica\/problemas-nos-pes-podem-causar-desalinhamento-na-coluna\/#primaryimage"},"thumbnailUrl":"https:\/\/livta.com.br\/clinica\/wp-content\/uploads\/2019\/05\/problemasnospes.jpg","datePublished":"2019-05-23T16:56:20+00:00","author":{"@id":"https:\/\/livta.com.br\/clinica\/#\/schema\/person\/24e2243327fa91ffe7a348a65bd74c66"},"breadcrumb":{"@id":"https:\/\/livta.com.br\/clinica\/problemas-nos-pes-podem-causar-desalinhamento-na-coluna\/#breadcrumb"},"inLanguage":"pt-BR","potentialAction":[{"@type":"ReadAction","target":["https:\/\/livta.com.br\/clinica\/problemas-nos-pes-podem-causar-desalinhamento-na-coluna\/"]}]},{"@type":"ImageObject","inLanguage":"pt-BR","@id":"https:\/\/livta.com.br\/clinica\/problemas-nos-pes-podem-causar-desalinhamento-na-coluna\/#primaryimage","url":"https:\/\/livta.com.br\/clinica\/wp-content\/uploads\/2019\/05\/problemasnospes.jpg","contentUrl":"https:\/\/livta.com.br\/clinica\/wp-content\/uploads\/2019\/05\/problemasnospes.jpg","width":620,"height":413},{"@type":"BreadcrumbList","@id":"https:\/\/livta.com.br\/clinica\/problemas-nos-pes-podem-causar-desalinhamento-na-coluna\/#breadcrumb","itemListElement":[{"@type":"ListItem","position":1,"name":"Home","item":"https:\/\/livta.com.br\/clinica\/"},{"@type":"ListItem","position":2,"name":"Problemas nos p\u00e9s podem causar desalinhamento na coluna"}]},{"@type":"WebSite","@id":"https:\/\/livta.com.br\/clinica\/#website","url":"https:\/\/livta.com.br\/clinica\/","name":"Livta","description":"","potentialAction":[{"@type":"SearchAction","target":{"@type":"EntryPoint","urlTemplate":"https:\/\/livta.com.br\/clinica\/?s={search_term_string}"},"query-input":{"@type":"PropertyValueSpecification","valueRequired":true,"valueName":"search_term_string"}}],"inLanguage":"pt-BR"},{"@type":"Person","@id":"https:\/\/livta.com.br\/clinica\/#\/schema\/person\/24e2243327fa91ffe7a348a65bd74c66","name":"ti_livta","image":{"@type":"ImageObject","inLanguage":"pt-BR","@id":"https:\/\/secure.gravatar.com\/avatar\/4c30e6869082c4ee8d5aa939048ab0531b76d2a3ba6350ad2b4578147fc5e099?s=96&d=mm&r=g","url":"https:\/\/secure.gravatar.com\/avatar\/4c30e6869082c4ee8d5aa939048ab0531b76d2a3ba6350ad2b4578147fc5e099?s=96&d=mm&r=g","contentUrl":"https:\/\/secure.gravatar.com\/avatar\/4c30e6869082c4ee8d5aa939048ab0531b76d2a3ba6350ad2b4578147fc5e099?s=96&d=mm&r=g","caption":"ti_livta"},"url":"https:\/\/livta.com.br\/clinica\/author\/ti_livta\/"}]}},"_links":{"self":[{"href":"https:\/\/livta.com.br\/clinica\/wp-json\/wp\/v2\/posts\/1928","targetHints":{"allow":["GET"]}}],"collection":[{"href":"https:\/\/livta.com.br\/clinica\/wp-json\/wp\/v2\/posts"}],"about":[{"href":"https:\/\/livta.com.br\/clinica\/wp-json\/wp\/v2\/types\/post"}],"author":[{"embeddable":true,"href":"https:\/\/livta.com.br\/clinica\/wp-json\/wp\/v2\/users\/1"}],"replies":[{"embeddable":true,"href":"https:\/\/livta.com.br\/clinica\/wp-json\/wp\/v2\/comments?post=1928"}],"version-history":[{"count":0,"href":"https:\/\/livta.com.br\/clinica\/wp-json\/wp\/v2\/posts\/1928\/revisions"}],"wp:featuredmedia":[{"embeddable":true,"href":"https:\/\/livta.com.br\/clinica\/wp-json\/wp\/v2\/media\/1929"}],"wp:attachment":[{"href":"https:\/\/livta.com.br\/clinica\/wp-json\/wp\/v2\/media?parent=1928"}],"wp:term":[{"taxonomy":"category","embeddable":true,"href":"https:\/\/livta.com.br\/clinica\/wp-json\/wp\/v2\/categories?post=1928"},{"taxonomy":"post_tag","embeddable":true,"href":"https:\/\/livta.com.br\/clinica\/wp-json\/wp\/v2\/tags?post=1928"}],"curies":[{"name":"wp","href":"https:\/\/api.w.org\/{rel}","templated":true}]}}