{"id":1921,"date":"2019-05-23T13:46:42","date_gmt":"2019-05-23T16:46:42","guid":{"rendered":"http:\/\/www.livta.com.br\/clinica\/?p=1921"},"modified":"2019-05-23T13:49:48","modified_gmt":"2019-05-23T16:49:48","slug":"coluna-vertebral-o-cuidado-deve-ser-diario","status":"publish","type":"post","link":"https:\/\/livta.com.br\/clinica\/coluna-vertebral-o-cuidado-deve-ser-diario\/","title":{"rendered":"Coluna vertebral: o cuidado deve ser di\u00e1rio"},"content":{"rendered":"<div class=\"col-xs-12 col-sm-12 col-md-12 retira-margem\">\n<div class=\"texto-post\">\n<p>A sa\u00fade da sua coluna, como vai? Parece estranho perguntar isso, mas, a cada dia, aumenta o n\u00famero de brasileiros que relatam sofrer de dores na coluna vertebral. Mas sabia que \u00e9 poss\u00edvel evitar uma s\u00e9rie de problemas com atitudes simples, como, por exemplo, visitar com regularidade um fisioterapeuta? Se voc\u00ea est\u00e1 no grupo de pessoas que j\u00e1 sentem certo incomodo, n\u00e3o espere para agendar uma consulta.<\/p>\n<p>Al\u00e9m de h\u00e1bitos errados, como dormir numa posi\u00e7\u00e3o prejudicial ou trabalhar na frente do computador com postura inadequada, o sedentarismo, a obesidade e altera\u00e7\u00f5es das curvaturas da coluna est\u00e3o entre as principais causas de dor. Existem outras causas f\u00edsicas que promovem essas dores, como distens\u00f5es musculares e ligamentares, o desgaste de um disco entre as v\u00e9rtebras, a degenera\u00e7\u00e3o da coluna e at\u00e9 mesmo predisposi\u00e7\u00e3o gen\u00e9tica. Vale lembrar sempre que se a postura n\u00e3o est\u00e1 correta, tudo acaba saindo do lugar. Uma boa sa\u00fade depende das atitudes praticadas no dia a dia e, tudo que voc\u00ea faz de inadequado agora, vai influenciar sua sa\u00fade l\u00e1 na frente.<br \/>\nPerguntamos para o fisioterapeuta especialista em quiropraxia instrumental,\u00a0<a href=\"http:\/\/www.livta.com.br\/clinica\/quiropraxia-instrumental\/\" target=\"_blank\" rel=\"noopener noreferrer\">M\u00e1rcio Tosi<\/a>, s\u00f3cio-fundador do Instituto Livta, cinco quest\u00f5es cruciais para cuidar, entender e se conscientizar sobre os cuidados com a sua coluna. Veja abaixo:<\/p>\n<p><strong>1) Quais os principais problemas da coluna vertebral?<\/strong><\/p>\n<p>Os principais problemas s\u00e3o os complexos de Subluxa\u00e7\u00e3o Vertebral ou de Disfun\u00e7\u00e3o Neuroarticular que no cadastro internacional de doen\u00e7as (CID) o registro \u00e9 M 99.1.<\/p>\n<p><strong>2) Voc\u00ea poderia dar tr\u00eas dicas que considera de extrema import\u00e2ncia para prote\u00e7\u00e3o da coluna?<\/strong><br \/>\n<strong>Primeiro:<\/strong>\u00a0ter consci\u00eancia corporal para sentir o que \u00e9 bom e o que n\u00e3o \u00e9, ou seja, est\u00e1 relacionado mais \u00e0s posturas do dia a dia.<\/p>\n<p><strong>Segundo:<\/strong>\u00a0visitar o seu fisioterapeuta entre 3 e 6 meses apenas para uma revis\u00e3o geral e tratamentos manuais preventivos.<\/p>\n<p><strong>Terceiro:<\/strong>\u00a0tentar ver de outra forma os problemas do dia a dia, os conflitos di\u00e1rios que nos aborrecem e que fazem, muitas vezes, com que nos sintamos, de forma inconsciente, impotentes e desvalorizados, incapazes de fazer e ser da maneira que achamos certo. Tudo depende de como vivenciamos este estresse que temos no mundo de hoje.<\/p>\n<p><strong>3) Quais as atividades f\u00edsicas mais indicadas para quem j\u00e1 sofre com problemas na coluna?<\/strong><br \/>\nExerc\u00edcios de fortalecimento, como\u00a0<a href=\"http:\/\/www.livta.com.br\/clinica\/inovacao-em-fisioterapia\/especialidades\/pilates\/\" target=\"_blank\" rel=\"noopener noreferrer\">Pilates<\/a>\u00a0e Treinamento Funcional, s\u00e3o boas op\u00e7\u00f5es. Fazer o que gosta como um hobby tamb\u00e9m. Importante praticar atividades de relaxamento e fazer autoan\u00e1lise.<\/p>\n<p><strong>4) Entre os h\u00e1bitos do cotidiano (dormir, sentar, trabalhar na frente do computador, pegar um objeto no ch\u00e3o, etc.), qual voc\u00ea considera que as pessoas mais fazem de forma errada e que pode ser um grande problema a longo prazo?<\/strong><br \/>\nTrabalhar em frente ao computador! Mas o maior problema s\u00e3o os computadores de m\u00e3o, pois o indiv\u00edduo fica com a cabe\u00e7a abaixada constantemente por horas para escrever e ler mensagens.<\/p>\n<p><strong>5) Qual a import\u00e2ncia de visitar um fisioterapeuta regularmente?<\/strong><br \/>\n\u00c9 muito importante fazer uma avalia\u00e7\u00e3o de todo o corpo no aspecto funcional e biomec\u00e2nico para verificar como est\u00e1 o micromovimento e a estabilidade das estruturas que comp\u00f5em a coluna vertebral, como, por exemplo, v\u00e9rtebra, disco intervertebral, ligamentos, m\u00fasculos e a enerva\u00e7\u00e3o que sai de toda a coluna para trazer toda funcionalidade e informa\u00e7\u00f5es que v\u00eam do nosso sistema nervoso central.<\/p>\n<\/div>\n<\/div>\n","protected":false},"excerpt":{"rendered":"<p>A sa\u00fade da sua coluna, como vai? Parece estranho perguntar isso, mas, a cada dia, aumenta o n\u00famero de brasileiros que relatam [&hellip;]<\/p>\n","protected":false},"author":1,"featured_media":1923,"comment_status":"open","ping_status":"open","sticky":false,"template":"","format":"standard","meta":{"footnotes":""},"categories":[1],"tags":[],"class_list":["post-1921","post","type-post","status-publish","format-standard","has-post-thumbnail","hentry","category-blog"],"yoast_head":"<!-- This site is optimized with the Yoast SEO plugin v27.2 - https:\/\/yoast.com\/product\/yoast-seo-wordpress\/ -->\n<title>Coluna vertebral: o cuidado deve ser di\u00e1rio - Livta<\/title>\n<meta name=\"robots\" content=\"index, follow, max-snippet:-1, max-image-preview:large, max-video-preview:-1\" \/>\n<link rel=\"canonical\" href=\"https:\/\/livta.com.br\/clinica\/coluna-vertebral-o-cuidado-deve-ser-diario\/\" \/>\n<meta property=\"og:locale\" content=\"pt_BR\" \/>\n<meta property=\"og:type\" content=\"article\" \/>\n<meta property=\"og:title\" content=\"Coluna vertebral: o cuidado deve ser di\u00e1rio - Livta\" \/>\n<meta property=\"og:description\" content=\"A sa\u00fade da sua coluna, como vai? Parece estranho perguntar isso, mas, a cada dia, aumenta o n\u00famero de brasileiros que relatam [&hellip;]\" \/>\n<meta property=\"og:url\" content=\"https:\/\/livta.com.br\/clinica\/coluna-vertebral-o-cuidado-deve-ser-diario\/\" \/>\n<meta property=\"og:site_name\" content=\"Livta\" \/>\n<meta property=\"article:published_time\" content=\"2019-05-23T16:46:42+00:00\" \/>\n<meta property=\"article:modified_time\" content=\"2019-05-23T16:49:48+00:00\" \/>\n<meta property=\"og:image\" content=\"https:\/\/livta.com.br\/clinica\/wp-content\/uploads\/2019\/05\/ColunaVertebral.jpg\" \/>\n\t<meta property=\"og:image:width\" content=\"620\" \/>\n\t<meta property=\"og:image:height\" content=\"413\" \/>\n\t<meta property=\"og:image:type\" content=\"image\/jpeg\" \/>\n<meta name=\"author\" content=\"ti_livta\" \/>\n<meta name=\"twitter:card\" content=\"summary_large_image\" \/>\n<meta name=\"twitter:label1\" content=\"Escrito por\" \/>\n\t<meta name=\"twitter:data1\" content=\"ti_livta\" \/>\n\t<meta name=\"twitter:label2\" content=\"Est. tempo de leitura\" \/>\n\t<meta name=\"twitter:data2\" content=\"3 minutos\" \/>\n<script type=\"application\/ld+json\" class=\"yoast-schema-graph\">{\"@context\":\"https:\/\/schema.org\",\"@graph\":[{\"@type\":\"Article\",\"@id\":\"https:\/\/livta.com.br\/clinica\/coluna-vertebral-o-cuidado-deve-ser-diario\/#article\",\"isPartOf\":{\"@id\":\"https:\/\/livta.com.br\/clinica\/coluna-vertebral-o-cuidado-deve-ser-diario\/\"},\"author\":{\"name\":\"ti_livta\",\"@id\":\"https:\/\/livta.com.br\/clinica\/#\/schema\/person\/24e2243327fa91ffe7a348a65bd74c66\"},\"headline\":\"Coluna vertebral: o cuidado deve ser di\u00e1rio\",\"datePublished\":\"2019-05-23T16:46:42+00:00\",\"dateModified\":\"2019-05-23T16:49:48+00:00\",\"mainEntityOfPage\":{\"@id\":\"https:\/\/livta.com.br\/clinica\/coluna-vertebral-o-cuidado-deve-ser-diario\/\"},\"wordCount\":585,\"commentCount\":0,\"image\":{\"@id\":\"https:\/\/livta.com.br\/clinica\/coluna-vertebral-o-cuidado-deve-ser-diario\/#primaryimage\"},\"thumbnailUrl\":\"https:\/\/livta.com.br\/clinica\/wp-content\/uploads\/2019\/05\/ColunaVertebral.jpg\",\"articleSection\":[\"Blog\"],\"inLanguage\":\"pt-BR\",\"potentialAction\":[{\"@type\":\"CommentAction\",\"name\":\"Comment\",\"target\":[\"https:\/\/livta.com.br\/clinica\/coluna-vertebral-o-cuidado-deve-ser-diario\/#respond\"]}]},{\"@type\":\"WebPage\",\"@id\":\"https:\/\/livta.com.br\/clinica\/coluna-vertebral-o-cuidado-deve-ser-diario\/\",\"url\":\"https:\/\/livta.com.br\/clinica\/coluna-vertebral-o-cuidado-deve-ser-diario\/\",\"name\":\"Coluna vertebral: o cuidado deve ser di\u00e1rio - Livta\",\"isPartOf\":{\"@id\":\"https:\/\/livta.com.br\/clinica\/#website\"},\"primaryImageOfPage\":{\"@id\":\"https:\/\/livta.com.br\/clinica\/coluna-vertebral-o-cuidado-deve-ser-diario\/#primaryimage\"},\"image\":{\"@id\":\"https:\/\/livta.com.br\/clinica\/coluna-vertebral-o-cuidado-deve-ser-diario\/#primaryimage\"},\"thumbnailUrl\":\"https:\/\/livta.com.br\/clinica\/wp-content\/uploads\/2019\/05\/ColunaVertebral.jpg\",\"datePublished\":\"2019-05-23T16:46:42+00:00\",\"dateModified\":\"2019-05-23T16:49:48+00:00\",\"author\":{\"@id\":\"https:\/\/livta.com.br\/clinica\/#\/schema\/person\/24e2243327fa91ffe7a348a65bd74c66\"},\"breadcrumb\":{\"@id\":\"https:\/\/livta.com.br\/clinica\/coluna-vertebral-o-cuidado-deve-ser-diario\/#breadcrumb\"},\"inLanguage\":\"pt-BR\",\"potentialAction\":[{\"@type\":\"ReadAction\",\"target\":[\"https:\/\/livta.com.br\/clinica\/coluna-vertebral-o-cuidado-deve-ser-diario\/\"]}]},{\"@type\":\"ImageObject\",\"inLanguage\":\"pt-BR\",\"@id\":\"https:\/\/livta.com.br\/clinica\/coluna-vertebral-o-cuidado-deve-ser-diario\/#primaryimage\",\"url\":\"https:\/\/livta.com.br\/clinica\/wp-content\/uploads\/2019\/05\/ColunaVertebral.jpg\",\"contentUrl\":\"https:\/\/livta.com.br\/clinica\/wp-content\/uploads\/2019\/05\/ColunaVertebral.jpg\",\"width\":620,\"height\":413},{\"@type\":\"BreadcrumbList\",\"@id\":\"https:\/\/livta.com.br\/clinica\/coluna-vertebral-o-cuidado-deve-ser-diario\/#breadcrumb\",\"itemListElement\":[{\"@type\":\"ListItem\",\"position\":1,\"name\":\"Home\",\"item\":\"https:\/\/livta.com.br\/clinica\/\"},{\"@type\":\"ListItem\",\"position\":2,\"name\":\"Coluna vertebral: o cuidado deve ser di\u00e1rio\"}]},{\"@type\":\"WebSite\",\"@id\":\"https:\/\/livta.com.br\/clinica\/#website\",\"url\":\"https:\/\/livta.com.br\/clinica\/\",\"name\":\"Livta\",\"description\":\"\",\"potentialAction\":[{\"@type\":\"SearchAction\",\"target\":{\"@type\":\"EntryPoint\",\"urlTemplate\":\"https:\/\/livta.com.br\/clinica\/?s={search_term_string}\"},\"query-input\":{\"@type\":\"PropertyValueSpecification\",\"valueRequired\":true,\"valueName\":\"search_term_string\"}}],\"inLanguage\":\"pt-BR\"},{\"@type\":\"Person\",\"@id\":\"https:\/\/livta.com.br\/clinica\/#\/schema\/person\/24e2243327fa91ffe7a348a65bd74c66\",\"name\":\"ti_livta\",\"image\":{\"@type\":\"ImageObject\",\"inLanguage\":\"pt-BR\",\"@id\":\"https:\/\/secure.gravatar.com\/avatar\/4c30e6869082c4ee8d5aa939048ab0531b76d2a3ba6350ad2b4578147fc5e099?s=96&d=mm&r=g\",\"url\":\"https:\/\/secure.gravatar.com\/avatar\/4c30e6869082c4ee8d5aa939048ab0531b76d2a3ba6350ad2b4578147fc5e099?s=96&d=mm&r=g\",\"contentUrl\":\"https:\/\/secure.gravatar.com\/avatar\/4c30e6869082c4ee8d5aa939048ab0531b76d2a3ba6350ad2b4578147fc5e099?s=96&d=mm&r=g\",\"caption\":\"ti_livta\"},\"url\":\"https:\/\/livta.com.br\/clinica\/author\/ti_livta\/\"}]}<\/script>\n<!-- \/ Yoast SEO plugin. -->","yoast_head_json":{"title":"Coluna vertebral: o cuidado deve ser di\u00e1rio - Livta","robots":{"index":"index","follow":"follow","max-snippet":"max-snippet:-1","max-image-preview":"max-image-preview:large","max-video-preview":"max-video-preview:-1"},"canonical":"https:\/\/livta.com.br\/clinica\/coluna-vertebral-o-cuidado-deve-ser-diario\/","og_locale":"pt_BR","og_type":"article","og_title":"Coluna vertebral: o cuidado deve ser di\u00e1rio - Livta","og_description":"A sa\u00fade da sua coluna, como vai? Parece estranho perguntar isso, mas, a cada dia, aumenta o n\u00famero de brasileiros que relatam [&hellip;]","og_url":"https:\/\/livta.com.br\/clinica\/coluna-vertebral-o-cuidado-deve-ser-diario\/","og_site_name":"Livta","article_published_time":"2019-05-23T16:46:42+00:00","article_modified_time":"2019-05-23T16:49:48+00:00","og_image":[{"width":620,"height":413,"url":"https:\/\/livta.com.br\/clinica\/wp-content\/uploads\/2019\/05\/ColunaVertebral.jpg","type":"image\/jpeg"}],"author":"ti_livta","twitter_card":"summary_large_image","twitter_misc":{"Escrito por":"ti_livta","Est. tempo de leitura":"3 minutos"},"schema":{"@context":"https:\/\/schema.org","@graph":[{"@type":"Article","@id":"https:\/\/livta.com.br\/clinica\/coluna-vertebral-o-cuidado-deve-ser-diario\/#article","isPartOf":{"@id":"https:\/\/livta.com.br\/clinica\/coluna-vertebral-o-cuidado-deve-ser-diario\/"},"author":{"name":"ti_livta","@id":"https:\/\/livta.com.br\/clinica\/#\/schema\/person\/24e2243327fa91ffe7a348a65bd74c66"},"headline":"Coluna vertebral: o cuidado deve ser di\u00e1rio","datePublished":"2019-05-23T16:46:42+00:00","dateModified":"2019-05-23T16:49:48+00:00","mainEntityOfPage":{"@id":"https:\/\/livta.com.br\/clinica\/coluna-vertebral-o-cuidado-deve-ser-diario\/"},"wordCount":585,"commentCount":0,"image":{"@id":"https:\/\/livta.com.br\/clinica\/coluna-vertebral-o-cuidado-deve-ser-diario\/#primaryimage"},"thumbnailUrl":"https:\/\/livta.com.br\/clinica\/wp-content\/uploads\/2019\/05\/ColunaVertebral.jpg","articleSection":["Blog"],"inLanguage":"pt-BR","potentialAction":[{"@type":"CommentAction","name":"Comment","target":["https:\/\/livta.com.br\/clinica\/coluna-vertebral-o-cuidado-deve-ser-diario\/#respond"]}]},{"@type":"WebPage","@id":"https:\/\/livta.com.br\/clinica\/coluna-vertebral-o-cuidado-deve-ser-diario\/","url":"https:\/\/livta.com.br\/clinica\/coluna-vertebral-o-cuidado-deve-ser-diario\/","name":"Coluna vertebral: o cuidado deve ser di\u00e1rio - Livta","isPartOf":{"@id":"https:\/\/livta.com.br\/clinica\/#website"},"primaryImageOfPage":{"@id":"https:\/\/livta.com.br\/clinica\/coluna-vertebral-o-cuidado-deve-ser-diario\/#primaryimage"},"image":{"@id":"https:\/\/livta.com.br\/clinica\/coluna-vertebral-o-cuidado-deve-ser-diario\/#primaryimage"},"thumbnailUrl":"https:\/\/livta.com.br\/clinica\/wp-content\/uploads\/2019\/05\/ColunaVertebral.jpg","datePublished":"2019-05-23T16:46:42+00:00","dateModified":"2019-05-23T16:49:48+00:00","author":{"@id":"https:\/\/livta.com.br\/clinica\/#\/schema\/person\/24e2243327fa91ffe7a348a65bd74c66"},"breadcrumb":{"@id":"https:\/\/livta.com.br\/clinica\/coluna-vertebral-o-cuidado-deve-ser-diario\/#breadcrumb"},"inLanguage":"pt-BR","potentialAction":[{"@type":"ReadAction","target":["https:\/\/livta.com.br\/clinica\/coluna-vertebral-o-cuidado-deve-ser-diario\/"]}]},{"@type":"ImageObject","inLanguage":"pt-BR","@id":"https:\/\/livta.com.br\/clinica\/coluna-vertebral-o-cuidado-deve-ser-diario\/#primaryimage","url":"https:\/\/livta.com.br\/clinica\/wp-content\/uploads\/2019\/05\/ColunaVertebral.jpg","contentUrl":"https:\/\/livta.com.br\/clinica\/wp-content\/uploads\/2019\/05\/ColunaVertebral.jpg","width":620,"height":413},{"@type":"BreadcrumbList","@id":"https:\/\/livta.com.br\/clinica\/coluna-vertebral-o-cuidado-deve-ser-diario\/#breadcrumb","itemListElement":[{"@type":"ListItem","position":1,"name":"Home","item":"https:\/\/livta.com.br\/clinica\/"},{"@type":"ListItem","position":2,"name":"Coluna vertebral: o cuidado deve ser di\u00e1rio"}]},{"@type":"WebSite","@id":"https:\/\/livta.com.br\/clinica\/#website","url":"https:\/\/livta.com.br\/clinica\/","name":"Livta","description":"","potentialAction":[{"@type":"SearchAction","target":{"@type":"EntryPoint","urlTemplate":"https:\/\/livta.com.br\/clinica\/?s={search_term_string}"},"query-input":{"@type":"PropertyValueSpecification","valueRequired":true,"valueName":"search_term_string"}}],"inLanguage":"pt-BR"},{"@type":"Person","@id":"https:\/\/livta.com.br\/clinica\/#\/schema\/person\/24e2243327fa91ffe7a348a65bd74c66","name":"ti_livta","image":{"@type":"ImageObject","inLanguage":"pt-BR","@id":"https:\/\/secure.gravatar.com\/avatar\/4c30e6869082c4ee8d5aa939048ab0531b76d2a3ba6350ad2b4578147fc5e099?s=96&d=mm&r=g","url":"https:\/\/secure.gravatar.com\/avatar\/4c30e6869082c4ee8d5aa939048ab0531b76d2a3ba6350ad2b4578147fc5e099?s=96&d=mm&r=g","contentUrl":"https:\/\/secure.gravatar.com\/avatar\/4c30e6869082c4ee8d5aa939048ab0531b76d2a3ba6350ad2b4578147fc5e099?s=96&d=mm&r=g","caption":"ti_livta"},"url":"https:\/\/livta.com.br\/clinica\/author\/ti_livta\/"}]}},"_links":{"self":[{"href":"https:\/\/livta.com.br\/clinica\/wp-json\/wp\/v2\/posts\/1921","targetHints":{"allow":["GET"]}}],"collection":[{"href":"https:\/\/livta.com.br\/clinica\/wp-json\/wp\/v2\/posts"}],"about":[{"href":"https:\/\/livta.com.br\/clinica\/wp-json\/wp\/v2\/types\/post"}],"author":[{"embeddable":true,"href":"https:\/\/livta.com.br\/clinica\/wp-json\/wp\/v2\/users\/1"}],"replies":[{"embeddable":true,"href":"https:\/\/livta.com.br\/clinica\/wp-json\/wp\/v2\/comments?post=1921"}],"version-history":[{"count":0,"href":"https:\/\/livta.com.br\/clinica\/wp-json\/wp\/v2\/posts\/1921\/revisions"}],"wp:featuredmedia":[{"embeddable":true,"href":"https:\/\/livta.com.br\/clinica\/wp-json\/wp\/v2\/media\/1923"}],"wp:attachment":[{"href":"https:\/\/livta.com.br\/clinica\/wp-json\/wp\/v2\/media?parent=1921"}],"wp:term":[{"taxonomy":"category","embeddable":true,"href":"https:\/\/livta.com.br\/clinica\/wp-json\/wp\/v2\/categories?post=1921"},{"taxonomy":"post_tag","embeddable":true,"href":"https:\/\/livta.com.br\/clinica\/wp-json\/wp\/v2\/tags?post=1921"}],"curies":[{"name":"wp","href":"https:\/\/api.w.org\/{rel}","templated":true}]}}